{"id":14989,"date":"2022-11-24T12:18:37","date_gmt":"2022-11-24T12:18:37","guid":{"rendered":"http:\/\/www.verdichtet.at\/?p=14989"},"modified":"2026-04-27T16:54:12","modified_gmt":"2026-04-27T16:54:12","slug":"wieder-kind-sein","status":"publish","type":"post","link":"http:\/\/www.verdichtet.at\/?p=14989","title":{"rendered":"Wieder Kind sein"},"content":{"rendered":"<div class=\"pdfprnt-buttons pdfprnt-buttons-post pdfprnt-top-right\"><a href=\"http:\/\/www.verdichtet.at\/index.php?rest_route=wpv2posts14989&print=pdf\" class=\"pdfprnt-button pdfprnt-button-pdf\" target=\"_blank\"><\/a><a href=\"http:\/\/www.verdichtet.at\/index.php?rest_route=wpv2posts14989&print=print\" class=\"pdfprnt-button pdfprnt-button-print\" target=\"_blank\"><\/a><\/div><blockquote>\n<p style=\"text-align: center;\">Manchmal, wenn ein Schmerzpfeil mitten ins Herz schie\u00dft und mein Leuchten dimmt,<br \/>\nzu viel negative Ladung in meinem Blut flie\u00dft und mir die positive Sicht nimmt,<br \/>\nnichts mehr stimmt, ich jede Ver\u00e4nderung beanstande, weil ich nur noch aus Angst handle,<br \/>\nanstatt aus dem Mut des Herzens. Dann mach ich besser einen cut.<br \/>\nSeh mich lieber an euch satt und nehm die Ladung raus, zieh meinen Bleimantel aus,<br \/>\ntauch in eure Leichtigkeit ein und will genauso begeistert sein wie ihr,<br \/>\nwenn ich mit ungebremster Leidenschaft ganz kreativ neue Welten schaff,<br \/>\nwill im Agieren die Zeit verlieren und h\u00e4ng mich voll in den Moment hinein, um wieder<br \/>\nKind zu sein.<\/p>\n<p style=\"text-align: center;\">Dann bin ich wieder echt und gerecht, denk nicht von allen andern schlecht,<br \/>\nschau nicht ins Gestern, nicht ins Morgen und vergesse alle Sorgen.<br \/>\nSteh voll f\u00fcr das ein, was ich seh und f\u00fchl, wenn ich mich beim H\u00f6henflug im Sinnesrausch<br \/>\nauf Wattewolken abk\u00fchl, und Berechnung gegen Ehrlichkeit eintausch.<br \/>\nUnd h\u00f6r dabei auf mein Herz. In dem das Lebensfeuer Flammen schl\u00e4gt,<br \/>\ndas meine Seele tr\u00e4gt und Lebendigkeit raucht, die ich so dringend brauch,<br \/>\nbis es wieder so sch\u00f6n kribbelt im Bauch, weil wir im Himmel einen Looping drehn<br \/>\nund die Wolken von oben sehn, wenn wir nach den Sternen greifen uns mit Dopamin<br \/>\neinseifen.<\/p>\n<p style=\"text-align: center;\">Vielleicht lohnt es sich auch f\u00fcr dich, die Welt mal wieder aus der Sicht<br \/>\neines Kindes zu erfassen, ganz gelassen und unbefangen zu tun, was dein Herz dir sagt,<br \/>\nVerpflichtungen zu lassen und mit Vertrauen in dich selbst und auf sanften Sohlen neue<br \/>\nWege zu entdecken, um ganz unverhohlen deine Neugier zu wecken, mit Achtsamkeit und<br \/>\nGeschick den Blick auf Kleinigkeiten lenken, dem Sinnescocktail Natur pur Geh\u00f6r schenken,<br \/>\neinfach nichts denken und von ganzem Herzen lachen, deinen Nachbarn eine Freude<br \/>\nmachen. Und mal wieder ehrlich zu dir selbst zu sein, um wach und mit Lust in dieser Welt<br \/>\nzu sein. Sie mit den Augen eines Kindes zu begutachten und danach zu trachten, vieles<br \/>\nanders zu machen.<\/p>\n<\/blockquote>\n<p style=\"text-align: right;\">Claudia L\u00fcer<br \/>\n<a href=\"https:\/\/www.verdichtet.at\/?p=14596\">Informationen zu Ver\u00f6ffentlichungen und Buchbestellungen<\/a><\/p>\n<p style=\"text-align: right;\">www.verdichtet.at | Kategorie: <a href=\"http:\/\/www.verdichtet.at\/?page_id=416\">es menschelt<\/a> | Inventarnummer: 22143<\/p>\n<p>&nbsp;<\/p>\n","protected":false},"excerpt":{"rendered":"<p>Manchmal, wenn ein Schmerzpfeil mitten ins Herz schie\u00dft und mein Leuchten dimmt, zu viel negative Ladung in meinem Blut flie\u00dft und mir die positive Sicht nimmt, nichts mehr stimmt, ich jede Ver\u00e4nderung beanstande, weil ich nur noch aus Angst handle, anstatt aus dem Mut des Herzens. Dann mach ich besser einen cut. Seh mich lieber [&hellip;]<\/p>\n","protected":false},"author":4,"featured_media":0,"comment_status":"open","ping_status":"open","sticky":false,"template":"","format":"standard","meta":{"footnotes":""},"categories":[170],"tags":[11],"class_list":["post-14989","post","type-post","status-publish","format-standard","hentry","category-lueer-claudia","tag-es-menschelt"],"_links":{"self":[{"href":"http:\/\/www.verdichtet.at\/index.php?rest_route=\/wp\/v2\/posts\/14989","targetHints":{"allow":["GET"]}}],"collection":[{"href":"http:\/\/www.verdichtet.at\/index.php?rest_route=\/wp\/v2\/posts"}],"about":[{"href":"http:\/\/www.verdichtet.at\/index.php?rest_route=\/wp\/v2\/types\/post"}],"author":[{"embeddable":true,"href":"http:\/\/www.verdichtet.at\/index.php?rest_route=\/wp\/v2\/users\/4"}],"replies":[{"embeddable":true,"href":"http:\/\/www.verdichtet.at\/index.php?rest_route=%2Fwp%2Fv2%2Fcomments&post=14989"}],"version-history":[{"count":10,"href":"http:\/\/www.verdichtet.at\/index.php?rest_route=\/wp\/v2\/posts\/14989\/revisions"}],"predecessor-version":[{"id":22639,"href":"http:\/\/www.verdichtet.at\/index.php?rest_route=\/wp\/v2\/posts\/14989\/revisions\/22639"}],"wp:attachment":[{"href":"http:\/\/www.verdichtet.at\/index.php?rest_route=%2Fwp%2Fv2%2Fmedia&parent=14989"}],"wp:term":[{"taxonomy":"category","embeddable":true,"href":"http:\/\/www.verdichtet.at\/index.php?rest_route=%2Fwp%2Fv2%2Fcategories&post=14989"},{"taxonomy":"post_tag","embeddable":true,"href":"http:\/\/www.verdichtet.at\/index.php?rest_route=%2Fwp%2Fv2%2Ftags&post=14989"}],"curies":[{"name":"wp","href":"https:\/\/api.w.org\/{rel}","templated":true}]}}