{"id":14916,"date":"2022-11-11T08:30:48","date_gmt":"2022-11-11T08:30:48","guid":{"rendered":"http:\/\/www.verdichtet.at\/?p=14916"},"modified":"2026-04-27T16:54:25","modified_gmt":"2026-04-27T16:54:25","slug":"j","status":"publish","type":"post","link":"http:\/\/www.verdichtet.at\/?p=14916","title":{"rendered":"Ich will, dass alles so bleibt, wie es ist"},"content":{"rendered":"<div class=\"pdfprnt-buttons pdfprnt-buttons-post pdfprnt-top-right\"><a href=\"http:\/\/www.verdichtet.at\/index.php?rest_route=wpv2posts14916&print=pdf\" class=\"pdfprnt-button pdfprnt-button-pdf\" target=\"_blank\"><\/a><a href=\"http:\/\/www.verdichtet.at\/index.php?rest_route=wpv2posts14916&print=print\" class=\"pdfprnt-button pdfprnt-button-print\" target=\"_blank\"><\/a><\/div><blockquote><p>\u201eKinderlachen ist wichtiger als Geld\u201c,<br \/>\nsagst du, also hab ich mir neue Laufschuhe bestellt,<br \/>\ndamit ich schneller rennen kann.<br \/>\nSo hetz ich hinterher, will es einfangen, festhalten,<br \/>\neinfrieren, zweifrieren, will die Schallwellen und Gef\u00fchle pausenlos verwalten.<br \/>\nNeulich habe ich sogar die W\u00e4nde damit beklebt,<br \/>\nsodass mir auch ja kein einzigartiger Moment entgeht,<br \/>\ndenn nur so k\u00f6nnen sich die Schmerzen in meinem Herzen nicht entfalten.<\/p>\n<p>Ich will einfach nicht verstehen, dass Momente verg\u00e4nglich sind.<br \/>\nDass sie schneller sind als der Wind und in einem Sprint<br \/>\nimmer auf der \u00dcberholspur und dabei l\u00e4ngst nicht mehr die alten sind.<br \/>\nDenn wenn ich was Sch\u00f6nes erleb, dann sag ich:<br \/>\n\u201eLass es uns wieder tun!\u201c Doch noch im selben Moment ist mir klar,<br \/>\ndass nichts so bleibt, wie es war.<br \/>\nDass jeder Moment wie ein funkelnder Diamant ein Unikat ist und<br \/>\nim Zeitstrom unseres Lebens nicht wiederkehrt. Verrinnt.<\/p>\n<p><em>Und du sagst, dass die Momente wie Sterne sind, die vergl\u00fchn<\/em><br \/>\n<em>und nur in unseren Herzen weiterbl\u00fchn.<\/em><\/p>\n<p>Dann will ich ein Sternendieb sein! Und ich schultre mein Gewehr,<br \/>\nbin auf der Jagd und hetz hinterher,<br \/>\nwill sie einfangen, festhalten und glatt polieren,<br \/>\nwill mich verausgaben, alles tun, um ihren Glanz zu konservieren.<br \/>\nWill sie in meine Seele brennen, damit sie f\u00fcr immer bleiben.<br \/>\nUnd du siehst dabei zu, wie ich die ganze Farbpalette meines Herzens<br \/>\nverbrauche, um sie wieder bunt anzupinseln,<br \/>\nweil ich es nicht ertrage, wie sie in mir gefrieren und ihr Strahlen verlieren.<\/p>\n<p><em>Und du sagst, dass die Momente wie Sterne sind, die vergl\u00fchn,<\/em><br \/>\n<em>und nur in unseren Herzen weiterbl\u00fchn,<\/em><br \/>\nwenn ich sie lasse, wie sie sind. Sie loslasse,<br \/>\nweiterziehe, meinen Weg damit schm\u00fccke<br \/>\nmich ab und an nach ihnen b\u00fccke, aber dann wieder nach vorne blicke,<br \/>\nweil ich sonst den Moment, in dem ich gerade bin, verpasse,<br \/>\nan den ich mich irgendwann erinnern k\u00f6nnte, wenn ich wollte,<br \/>\nmit dem ich Spuren hinterlasse.<\/p>\n<p>Und wenn ich eines Tages stehen bleibe, dann hab ich gro\u00dfes Gl\u00fcck,<br \/>\nwenn du noch bei mir bist. Und wir denken gemeinsam an all das zur\u00fcck,<br \/>\nwas sch\u00f6n war, k\u00f6nnen das Lachen der Kinder mit Zeit begie\u00dfen.<br \/>\nDenn wenn es bunt und \u00fcppig weiterbl\u00fcht, wird es auch in ihre Herzen flie\u00dfen,<br \/>\nund wir beide, wir sind im gro\u00dfen Universum ja auch nur ein Moment,<br \/>\nder vergl\u00fcht \u2026 Aber das ist gar nicht mehr so schlimm,<br \/>\ndenn du h\u00e4ltst meine Hand, lachst mich an und sagst,<br \/>\ndass ich nicht verg\u00e4nglich bin.<\/p><\/blockquote>\n<p style=\"text-align: right;\">Claudia L\u00fcer<br \/>\n<a href=\"https:\/\/www.verdichtet.at\/?p=14596\">Informationen zu Ver\u00f6ffentlichungen und Buchbestellungen<\/a><\/p>\n<p style=\"text-align: right;\">erschienen in: Christoph-Maria Liegener (Hrsg.):<br \/>\n8. Bubenreuther Literaturwettbewerb 2022, Tredition-Verlag<\/p>\n<p style=\"text-align: right;\">www.verdichtet.at | Kategorie: <a href=\"http:\/\/www.verdichtet.at\/?page_id=416\">es menschelt<\/a> | Inventarnummer: 22136<\/p>\n","protected":false},"excerpt":{"rendered":"<p>\u201eKinderlachen ist wichtiger als Geld\u201c, sagst du, also hab ich mir neue Laufschuhe bestellt, damit ich schneller rennen kann. So hetz ich hinterher, will es einfangen, festhalten, einfrieren, zweifrieren, will die Schallwellen und Gef\u00fchle pausenlos verwalten. Neulich habe ich sogar die W\u00e4nde damit beklebt, sodass mir auch ja kein einzigartiger Moment entgeht, denn nur so [&hellip;]<\/p>\n","protected":false},"author":4,"featured_media":0,"comment_status":"open","ping_status":"open","sticky":false,"template":"","format":"standard","meta":{"footnotes":""},"categories":[170],"tags":[11],"class_list":["post-14916","post","type-post","status-publish","format-standard","hentry","category-lueer-claudia","tag-es-menschelt"],"_links":{"self":[{"href":"http:\/\/www.verdichtet.at\/index.php?rest_route=\/wp\/v2\/posts\/14916","targetHints":{"allow":["GET"]}}],"collection":[{"href":"http:\/\/www.verdichtet.at\/index.php?rest_route=\/wp\/v2\/posts"}],"about":[{"href":"http:\/\/www.verdichtet.at\/index.php?rest_route=\/wp\/v2\/types\/post"}],"author":[{"embeddable":true,"href":"http:\/\/www.verdichtet.at\/index.php?rest_route=\/wp\/v2\/users\/4"}],"replies":[{"embeddable":true,"href":"http:\/\/www.verdichtet.at\/index.php?rest_route=%2Fwp%2Fv2%2Fcomments&post=14916"}],"version-history":[{"count":13,"href":"http:\/\/www.verdichtet.at\/index.php?rest_route=\/wp\/v2\/posts\/14916\/revisions"}],"predecessor-version":[{"id":22640,"href":"http:\/\/www.verdichtet.at\/index.php?rest_route=\/wp\/v2\/posts\/14916\/revisions\/22640"}],"wp:attachment":[{"href":"http:\/\/www.verdichtet.at\/index.php?rest_route=%2Fwp%2Fv2%2Fmedia&parent=14916"}],"wp:term":[{"taxonomy":"category","embeddable":true,"href":"http:\/\/www.verdichtet.at\/index.php?rest_route=%2Fwp%2Fv2%2Fcategories&post=14916"},{"taxonomy":"post_tag","embeddable":true,"href":"http:\/\/www.verdichtet.at\/index.php?rest_route=%2Fwp%2Fv2%2Ftags&post=14916"}],"curies":[{"name":"wp","href":"https:\/\/api.w.org\/{rel}","templated":true}]}}