{"id":14706,"date":"2022-10-25T15:41:01","date_gmt":"2022-10-25T15:41:01","guid":{"rendered":"http:\/\/www.verdichtet.at\/?p=14706"},"modified":"2026-04-27T16:54:39","modified_gmt":"2026-04-27T16:54:39","slug":"liebeshymne-an-meine-kinder","status":"publish","type":"post","link":"http:\/\/www.verdichtet.at\/?p=14706","title":{"rendered":"Liebeshymne an meine Kinder"},"content":{"rendered":"<div class=\"pdfprnt-buttons pdfprnt-buttons-post pdfprnt-top-right\"><a href=\"http:\/\/www.verdichtet.at\/index.php?rest_route=wpv2posts14706&print=pdf\" class=\"pdfprnt-button pdfprnt-button-pdf\" target=\"_blank\"><\/a><a href=\"http:\/\/www.verdichtet.at\/index.php?rest_route=wpv2posts14706&print=print\" class=\"pdfprnt-button pdfprnt-button-print\" target=\"_blank\"><\/a><\/div><blockquote><p>Noch traute ich mich nicht, mit euch zu rechnen, da hab ich schon von euch getr\u00e4umt,<br \/>\nlie\u00df euer Lachen gegen meine W\u00e4nde krachen, hab in meinem Leben aufger\u00e4umt,<br \/>\ndamit ich bereit war f\u00fcr euch. Hab eure H\u00e4nde gef\u00fchlt<br \/>\nund an euren Haaren gerochen, mich mit euren Worten durchsp\u00fclt,<br \/>\nwollte von eurem \u00dcbermut trinken und in euren Augen versinken,<br \/>\ndenn mir war schon immer absolut klar, ich h\u00e4tte das Beste vers\u00e4umt,<br \/>\nwenn ich am Ende ohne euch w\u00e4r. \u2013 Weil ihr mein Wunder seid,<br \/>\nmir neues Leben schenkt und mich mitnehmt in eine Zeit, in der ohne euch nichts von mir bleibt.<\/p>\n<p>Dann wart ihr da, und nichts blieb so, wie es war.<br \/>\nIhr habt mich neu programmiert, meine Saiten gestimmt und meine Fehler studiert,<br \/>\nhabt mein Herz vertieft, seid in l\u00e4ngst vergessene H\u00f6hlen getaucht, habt mich analysiert,<br \/>\nmich mit Schw\u00e4chen konfrontiert, die ich offenbar bisher nicht sah.<br \/>\nSo konnte ich wachsen mit euch, mir an euch die Z\u00e4hne ausbei\u00dfen,<br \/>\nall meine Pl\u00e4ne \u00fcber Bord schmei\u00dfen, jeden Tag tanzen,<br \/>\nmich im Sprudelbad eurer Leichtigkeit verschanzen. Und ihr habt mir die Welt neu erkl\u00e4rt,<br \/>\nmir den Mut beschert, das Undenkbare zu denken, habt meinen Blickwinkel umgekehrt.<\/p>\n<p style=\"text-align: center;\">Ihr seid die Z\u00fcndschnur f\u00fcr meine Gl\u00fccksraketen<br \/>\nund die Quelle f\u00fcr meine Tr\u00e4nen,<br \/>\nhabt gro\u00dfe Tr\u00e4ume in mir losgetreten,<br \/>\nseid das Pflaster f\u00fcr mein Sehnen.<br \/>\nIch seh mich in euren Augen wohnen und hefte meinen Blick<br \/>\ntagt\u00e4glich voller Stolz auf euch, bin fassungslos vor Gl\u00fcck.<\/p>\n<p>F\u00fcr euch mach ich t\u00e4glich zehntausend Schritte und bin auch ohne Yoga in meiner Mitte,<br \/>\ndenn ihr zieht an meinen Z\u00fcgeln, sodass ich innehalten muss<br \/>\nund dann nicht anders kann, als im Moment zu verweilen, ihn zu genie\u00dfen,<br \/>\nin euch zu flie\u00dfen, Sternenfunkeln zu teilen und Lachtr\u00e4nen zu vergie\u00dfen.<br \/>\n\u00c4ngste zu d\u00e4mmen, Sorgen zu hemmen, eure Verzweiflung und euren Verdruss<br \/>\nanzunehmen und zu verstehen. Euch den R\u00fccken zu st\u00e4rken und ein mutiges Herz zu formen,<br \/>\ndabei nicht zu vergessen, auch mal eigene Wege zu gehen.<br \/>\nUnd Hilfe anzubieten, bei der L\u00f6sung dessen, was ich f\u00fcr mich bis heute nicht gel\u00f6st habe.<\/p>\n<p>Und wenn ich ab und an mal meine F\u00fchler nach innen strecke,<br \/>\nmich kurz besinne und die F\u00e4den r\u00fcckw\u00e4rts spinne, dann krieg ich Angst und erschrecke,<br \/>\nweil mein Herz so schnell schl\u00e4gt, die Zeit an meinem Leben s\u00e4gt,<br \/>\nund ich mich frage, wo sind die Jahre geblieben, seh euch noch auf dem Wickeltisch liegen,<br \/>\nbeginne zu philosophieren wie die Alten, die einst prophezeiten,<br \/>\nihr werdet schneller gro\u00df, als ich denke, und muss mir traurig eingestehen, dass sie recht hatten.<br \/>\nDann will ich alle Uhren abschalten, die Momente mit euch auseinanderfalten, glatt streichen<br \/>\nund in Marmor mei\u00dfeln. Und die ganze Welt soll den Atem anhalten.<\/p>\n<p style=\"text-align: center;\">Denn ihr seid der Leuchtturm in meinem Herzen,<br \/>\nund der N\u00e4hrboden f\u00fcr meine Falten.<br \/>\nMit euch geh ich durch die schlimmsten Schmerzen,<br \/>\nkann mein F\u00fchlen auf H\u00f6chststufen schalten,<br \/>\nbin um ein Grad w\u00e4rmer getunt und richte meinen Blick<br \/>\ntagt\u00e4glich voller Stolz auf euch, bin fassungslos vor Gl\u00fcck.<\/p>\n<p>Doch ihr lauft lachend vor mir her, taucht mich in ein Farbenmeer,<br \/>\nh\u00fcllt meine Seele in goldenes Licht und bestickt ihr Gesicht mit Perlen,<br \/>\ndie funkeln und schimmern und mich daran erinnern, nicht so viel zu denken,<br \/>\nsondern zu leben, euch Halt zu geben, da seh ich, wie unsere Seelen tanzen vor Gl\u00fcck,<br \/>\nsonne mich in ihrem Schein und mach mir gleichzeitig bewusst, dass ich euch ziehen lassen muss, jeden Tag ein St\u00fcck.<br \/>\nDoch ihr schreibt mit blauer Tinte in den Himmel, dass wir trotzdem zusammen weitergehen, auch wenn wir uns nicht immer sehen.<br \/>\nDass unsere Seelen sich nacheinander sehnen, sich suchen und finden, miteinander verbinden.<br \/>\nUnd in meinem Herzen bleibt f\u00fcr immer f\u00fcr euch ein Zimmer.<\/p>\n<p>Kommt, lasst uns die Zeit genie\u00dfen, die wir haben, uns in den Schlaf lachen und ein wunderbares Leben machen.<br \/>\nZusammen weinen, verzeihen, staunen und fragen, uns gegenseitig tragen.<br \/>\nUnd wenn ich alt bin, dann geht ihr euren Weg. Und ich werde ganz still,<br \/>\nweil ich den Nachhall eures Lachens h\u00f6ren will, mit dem ich meine Seele bef\u00fcll.<br \/>\nUnd es wird mir eine G\u00e4nsehaut machen, die Zeit \u00fcberbr\u00fccken, bis wir uns wiedersehen.<br \/>\nDann streich ich \u00fcber euer Haar und bin voller Gl\u00fcck und Staunen, strahle im Herzen,<br \/>\nweil es das Beste in meinem Leben war, mit euch zu sein, und freu mich schon jetzt auf unseren n\u00e4chsten Tanz, halt euch ganz fest und versprech bis dahin \u00fcber euch zu wachen.<\/p>\n<p style=\"text-align: center;\">Ihr seid das Konfettibad f\u00fcr meine Seele<br \/>\nund in meinem Herzen die Wunderkerzen,<br \/>\nder Garantieschein daf\u00fcr, dass ich mein Gl\u00fcck nicht verfehle,<br \/>\ndoch den gibt es nicht ohne Sorgen und Schmerzen.<br \/>\nIch lieb euch mehr als mich selbst und hefte meinen Blick<br \/>\ntagt\u00e4glich voller Stolz auf euch, bin fassungslos vor Gl\u00fcck.<\/p>\n<\/blockquote>\n<p style=\"text-align: right;\">Claudia L\u00fcer<br \/>\n<a href=\"https:\/\/www.verdichtet.at\/?p=14596\">Informationen zu Ver\u00f6ffentlichungen und Buchbestellungen<\/a><\/p>\n<p style=\"text-align: right;\">www.verdichtet.at | Kategorie: <a href=\"http:\/\/www.verdichtet.at\/?page_id=14487\">let it grow<\/a> | Inventarnummer: 22112<\/p>\n","protected":false},"excerpt":{"rendered":"<p>Noch traute ich mich nicht, mit euch zu rechnen, da hab ich schon von euch getr\u00e4umt, lie\u00df euer Lachen gegen meine W\u00e4nde krachen, hab in meinem Leben aufger\u00e4umt, damit ich bereit war f\u00fcr euch. Hab eure H\u00e4nde gef\u00fchlt und an euren Haaren gerochen, mich mit euren Worten durchsp\u00fclt, wollte von eurem \u00dcbermut trinken und in [&hellip;]<\/p>\n","protected":false},"author":4,"featured_media":0,"comment_status":"open","ping_status":"open","sticky":false,"template":"","format":"standard","meta":{"footnotes":""},"categories":[170],"tags":[168],"class_list":["post-14706","post","type-post","status-publish","format-standard","hentry","category-lueer-claudia","tag-let-it-grow"],"_links":{"self":[{"href":"http:\/\/www.verdichtet.at\/index.php?rest_route=\/wp\/v2\/posts\/14706","targetHints":{"allow":["GET"]}}],"collection":[{"href":"http:\/\/www.verdichtet.at\/index.php?rest_route=\/wp\/v2\/posts"}],"about":[{"href":"http:\/\/www.verdichtet.at\/index.php?rest_route=\/wp\/v2\/types\/post"}],"author":[{"embeddable":true,"href":"http:\/\/www.verdichtet.at\/index.php?rest_route=\/wp\/v2\/users\/4"}],"replies":[{"embeddable":true,"href":"http:\/\/www.verdichtet.at\/index.php?rest_route=%2Fwp%2Fv2%2Fcomments&post=14706"}],"version-history":[{"count":9,"href":"http:\/\/www.verdichtet.at\/index.php?rest_route=\/wp\/v2\/posts\/14706\/revisions"}],"predecessor-version":[{"id":22641,"href":"http:\/\/www.verdichtet.at\/index.php?rest_route=\/wp\/v2\/posts\/14706\/revisions\/22641"}],"wp:attachment":[{"href":"http:\/\/www.verdichtet.at\/index.php?rest_route=%2Fwp%2Fv2%2Fmedia&parent=14706"}],"wp:term":[{"taxonomy":"category","embeddable":true,"href":"http:\/\/www.verdichtet.at\/index.php?rest_route=%2Fwp%2Fv2%2Fcategories&post=14706"},{"taxonomy":"post_tag","embeddable":true,"href":"http:\/\/www.verdichtet.at\/index.php?rest_route=%2Fwp%2Fv2%2Ftags&post=14706"}],"curies":[{"name":"wp","href":"https:\/\/api.w.org\/{rel}","templated":true}]}}