{"id":14701,"date":"2022-10-25T15:32:46","date_gmt":"2022-10-25T15:32:46","guid":{"rendered":"http:\/\/www.verdichtet.at\/?p=14701"},"modified":"2026-04-27T16:54:52","modified_gmt":"2026-04-27T16:54:52","slug":"gegenwind","status":"publish","type":"post","link":"http:\/\/www.verdichtet.at\/?p=14701","title":{"rendered":"Gegenwind"},"content":{"rendered":"<div class=\"pdfprnt-buttons pdfprnt-buttons-post pdfprnt-top-right\"><a href=\"http:\/\/www.verdichtet.at\/index.php?rest_route=wpv2posts14701&print=pdf\" class=\"pdfprnt-button pdfprnt-button-pdf\" target=\"_blank\"><\/a><a href=\"http:\/\/www.verdichtet.at\/index.php?rest_route=wpv2posts14701&print=print\" class=\"pdfprnt-button pdfprnt-button-print\" target=\"_blank\"><\/a><\/div><blockquote>\n<p style=\"text-align: center;\">Es gibt Dinge, die ich nicht \u00e4ndern kann, doch es dauert lang,<br \/>\nbis die Rebellin in mir schweigt, und solang<br \/>\nlass ich nichts unversucht, wenn ich, das Herz in der Hand,<br \/>\nmit wachem Verstand und B\u00e4renkraft den Wind einfang,<br \/>\num ihn zu drehn, auch wenn\u2019s sein kann, dass ich ihn dann gegen mich hab.<br \/>\nDoch ich gebe nicht auf, flie\u00dfe bergauf, tune meinen Gang, maskier meine H\u00e4nde<br \/>\nund gehe durch W\u00e4nde. Lass die Luft aus den Wolken und lebe das Leben<br \/>\nvon hinten nach vorn, will es durchschaun, in Momente zers\u00e4gen,<br \/>\nbis ich den einen erwische, die einzige L\u00fccke, in die ich flieh, und mit Macht und T\u00fccke<br \/>\ndie Kraft, die mir bleibt, verschwende und alles zum Besten wende.<\/p>\n<p style=\"text-align: center;\">Doch manchmal reicht das alles nicht aus, weil ich als Sklavin des Systems<br \/>\nl\u00e4ngst Teil des Problems bin, die Wildheit in mir d\u00e4mpfen muss,<br \/>\ndas Aufb\u00e4umen bek\u00e4mpfen muss, besser stumpf ertrage, bevor ich mir selbst schade,<br \/>\nmich verliere und mit \u00fcberh\u00f6hter Geschwindigkeit in eine Sackgasse man\u00f6vriere.<br \/>\nDas zu erkennen, ist nicht leicht und ein bisschen wie Sterben inmitten von Scherben<br \/>\neiner Illusion. Lebendigkeit weicht, anstelle der Rebellion tritt Resignation,<br \/>\ndanach eine wachsende Gelassenheit, denn meine eigenen Grenzen sind erreicht.<br \/>\nDoch die f\u00fchl ich nur, weil ich nicht stehen geblieben bin, dann aber rechtzeitig erkannte,<br \/>\ndass der Sturm zu stark war, um an ihm zu wachsen, lass in Liebe los, mach meinen Frieden und kann mit offenen H\u00e4nden und weiten Fl\u00fcgeln schwingend neue Bl\u00fcten anfliegen.<\/p>\n<\/blockquote>\n<p style=\"text-align: right;\">Claudia L\u00fcer<br \/>\n<a href=\"https:\/\/www.verdichtet.at\/?p=14596\">Informationen zu Ver\u00f6ffentlichungen und Buchbestellungen<\/a><\/p>\n<p style=\"text-align: right;\">www.verdichtet.at | Kategorie: <a href=\"http:\/\/www.verdichtet.at\/?page_id=416\">es menschelt<\/a> | Inventarnummer: 22111<\/p>\n","protected":false},"excerpt":{"rendered":"<p>Es gibt Dinge, die ich nicht \u00e4ndern kann, doch es dauert lang, bis die Rebellin in mir schweigt, und solang lass ich nichts unversucht, wenn ich, das Herz in der Hand, mit wachem Verstand und B\u00e4renkraft den Wind einfang, um ihn zu drehn, auch wenn\u2019s sein kann, dass ich ihn dann gegen mich hab. Doch [&hellip;]<\/p>\n","protected":false},"author":4,"featured_media":0,"comment_status":"open","ping_status":"open","sticky":false,"template":"","format":"standard","meta":{"footnotes":""},"categories":[170],"tags":[11],"class_list":["post-14701","post","type-post","status-publish","format-standard","hentry","category-lueer-claudia","tag-es-menschelt"],"_links":{"self":[{"href":"http:\/\/www.verdichtet.at\/index.php?rest_route=\/wp\/v2\/posts\/14701","targetHints":{"allow":["GET"]}}],"collection":[{"href":"http:\/\/www.verdichtet.at\/index.php?rest_route=\/wp\/v2\/posts"}],"about":[{"href":"http:\/\/www.verdichtet.at\/index.php?rest_route=\/wp\/v2\/types\/post"}],"author":[{"embeddable":true,"href":"http:\/\/www.verdichtet.at\/index.php?rest_route=\/wp\/v2\/users\/4"}],"replies":[{"embeddable":true,"href":"http:\/\/www.verdichtet.at\/index.php?rest_route=%2Fwp%2Fv2%2Fcomments&post=14701"}],"version-history":[{"count":9,"href":"http:\/\/www.verdichtet.at\/index.php?rest_route=\/wp\/v2\/posts\/14701\/revisions"}],"predecessor-version":[{"id":22642,"href":"http:\/\/www.verdichtet.at\/index.php?rest_route=\/wp\/v2\/posts\/14701\/revisions\/22642"}],"wp:attachment":[{"href":"http:\/\/www.verdichtet.at\/index.php?rest_route=%2Fwp%2Fv2%2Fmedia&parent=14701"}],"wp:term":[{"taxonomy":"category","embeddable":true,"href":"http:\/\/www.verdichtet.at\/index.php?rest_route=%2Fwp%2Fv2%2Fcategories&post=14701"},{"taxonomy":"post_tag","embeddable":true,"href":"http:\/\/www.verdichtet.at\/index.php?rest_route=%2Fwp%2Fv2%2Ftags&post=14701"}],"curies":[{"name":"wp","href":"https:\/\/api.w.org\/{rel}","templated":true}]}}