{"id":14551,"date":"2022-09-24T07:54:05","date_gmt":"2022-09-24T07:54:05","guid":{"rendered":"http:\/\/www.verdichtet.at\/?p=14551"},"modified":"2026-04-27T16:55:34","modified_gmt":"2026-04-27T16:55:34","slug":"immer-am-meer","status":"publish","type":"post","link":"http:\/\/www.verdichtet.at\/?p=14551","title":{"rendered":"Immer am Meer"},"content":{"rendered":"<div class=\"pdfprnt-buttons pdfprnt-buttons-post pdfprnt-top-right\"><a href=\"http:\/\/www.verdichtet.at\/index.php?rest_route=wpv2posts14551&print=pdf\" class=\"pdfprnt-button pdfprnt-button-pdf\" target=\"_blank\"><\/a><a href=\"http:\/\/www.verdichtet.at\/index.php?rest_route=wpv2posts14551&print=print\" class=\"pdfprnt-button pdfprnt-button-print\" target=\"_blank\"><\/a><\/div><blockquote>\n<p style=\"text-align: center;\">Immer am Meer wird mein Herz so schwer.<br \/>\nDann f\u00fchlt es sich an, als ob darin nur Ballast w\u00e4r,<br \/>\nder sich aufget\u00fcrmt hat und an den W\u00e4nden dr\u00fcckt,<br \/>\nes in die Tiefe zieht und auf den Narben zwickt,<br \/>\nund ich lauf geb\u00fcckt und mit gesenktem Blick rastlos umher,<br \/>\nkann mein Herz kaum noch tragen, weil sich der Kummer<br \/>\nin jeder Kammer durch die T\u00e4ler frisst, in die Schluchten gr\u00e4bt,<br \/>\nwill an mir nagen, bis mein Herz vergisst zu schlagen.<\/p>\n<p style=\"text-align: center;\">Dann hilft mir das Meer und schl\u00e4gt mit den Wellen<br \/>\nmeinen Takt, so horche ich auf und sehe es an,<br \/>\natme den Wind und f\u00fchle dann, wie es aufsch\u00e4umt in mir,<br \/>\nsich in mir verstr\u00f6mt, und wie die Wellen durch mein Blut schnellen, meine Adern<br \/>\nanschwellen, und das Leben in mich schie\u00dft, alles flie\u00dft, Gef\u00fchle erwachen,<br \/>\nweil die Wellen mein Herz neu entfachen, es am Zipfel packen, daran r\u00fctteln,<br \/>\nes aussch\u00fctteln, bis mein Kummer weicht, klammheimlich<br \/>\nzu den Wolken schleicht, und ich atme auf.<\/p>\n<p style=\"text-align: center;\">Und bin federleicht.<\/p>\n<\/blockquote>\n<p style=\"text-align: right;\">Claudia L\u00fcer<br \/>\n<a href=\"https:\/\/www.verdichtet.at\/?p=14596\">Informationen zu Ver\u00f6ffentlichungen und Buchbestellungen<\/a><\/p>\n<p style=\"text-align: right;\">www.verdichtet.at | Kategorie: <a href=\"http:\/\/www.verdichtet.at\/?page_id=420\">hin &amp; weg<\/a> | Inventarnummer: 22096<\/p>\n","protected":false},"excerpt":{"rendered":"<p>Immer am Meer wird mein Herz so schwer. Dann f\u00fchlt es sich an, als ob darin nur Ballast w\u00e4r, der sich aufget\u00fcrmt hat und an den W\u00e4nden dr\u00fcckt, es in die Tiefe zieht und auf den Narben zwickt, und ich lauf geb\u00fcckt und mit gesenktem Blick rastlos umher, kann mein Herz kaum noch tragen, weil [&hellip;]<\/p>\n","protected":false},"author":4,"featured_media":0,"comment_status":"open","ping_status":"open","sticky":false,"template":"","format":"standard","meta":{"footnotes":""},"categories":[170],"tags":[10],"class_list":["post-14551","post","type-post","status-publish","format-standard","hentry","category-lueer-claudia","tag-hin-weg"],"_links":{"self":[{"href":"http:\/\/www.verdichtet.at\/index.php?rest_route=\/wp\/v2\/posts\/14551","targetHints":{"allow":["GET"]}}],"collection":[{"href":"http:\/\/www.verdichtet.at\/index.php?rest_route=\/wp\/v2\/posts"}],"about":[{"href":"http:\/\/www.verdichtet.at\/index.php?rest_route=\/wp\/v2\/types\/post"}],"author":[{"embeddable":true,"href":"http:\/\/www.verdichtet.at\/index.php?rest_route=\/wp\/v2\/users\/4"}],"replies":[{"embeddable":true,"href":"http:\/\/www.verdichtet.at\/index.php?rest_route=%2Fwp%2Fv2%2Fcomments&post=14551"}],"version-history":[{"count":10,"href":"http:\/\/www.verdichtet.at\/index.php?rest_route=\/wp\/v2\/posts\/14551\/revisions"}],"predecessor-version":[{"id":22645,"href":"http:\/\/www.verdichtet.at\/index.php?rest_route=\/wp\/v2\/posts\/14551\/revisions\/22645"}],"wp:attachment":[{"href":"http:\/\/www.verdichtet.at\/index.php?rest_route=%2Fwp%2Fv2%2Fmedia&parent=14551"}],"wp:term":[{"taxonomy":"category","embeddable":true,"href":"http:\/\/www.verdichtet.at\/index.php?rest_route=%2Fwp%2Fv2%2Fcategories&post=14551"},{"taxonomy":"post_tag","embeddable":true,"href":"http:\/\/www.verdichtet.at\/index.php?rest_route=%2Fwp%2Fv2%2Ftags&post=14551"}],"curies":[{"name":"wp","href":"https:\/\/api.w.org\/{rel}","templated":true}]}}