{"id":14249,"date":"2022-06-27T08:40:27","date_gmt":"2022-06-27T08:40:27","guid":{"rendered":"http:\/\/www.verdichtet.at\/?p=14249"},"modified":"2022-07-09T12:39:37","modified_gmt":"2022-07-09T12:39:37","slug":"der-blinde-fleck","status":"publish","type":"post","link":"http:\/\/www.verdichtet.at\/?p=14249","title":{"rendered":"Der blinde Fleck"},"content":{"rendered":"<div class=\"pdfprnt-buttons pdfprnt-buttons-post pdfprnt-top-right\"><a href=\"http:\/\/www.verdichtet.at\/index.php?rest_route=wpv2posts14249&print=pdf\" class=\"pdfprnt-button pdfprnt-button-pdf\" target=\"_blank\"><\/a><a href=\"http:\/\/www.verdichtet.at\/index.php?rest_route=wpv2posts14249&print=print\" class=\"pdfprnt-button pdfprnt-button-print\" target=\"_blank\"><\/a><\/div><blockquote><p>Es sterben Leute<br \/>\nMorgen und heute<br \/>\nMan stirbt immerzu<br \/>\nUnd einmal stirbst du<\/p>\n<p>Wenn du\u2019s nur w\u00fcsstest<br \/>\nDu w\u00e4rst entr\u00fcstet!<\/p><\/blockquote>\n<p style=\"text-align: right;\">Bernd Remsing<br \/>\n<a href=\"http:\/\/fm4.orf.at\/stories\/1704846\/\" target=\"_blank\">http:\/\/fm4.orf.at\/stories\/1704846\/<\/a><\/p>\n<p style=\"text-align: right;\">www.verdichtet.at | Kategorie: <a href=\"http:\/\/www.verdichtet.at\/?page_id=972\">\u00e4rgstens<\/a> | Inventarnummer: 22071<\/p>\n","protected":false},"excerpt":{"rendered":"<p>Es sterben Leute Morgen und heute Man stirbt immerzu Und einmal stirbst du Wenn du\u2019s nur w\u00fcsstest Du w\u00e4rst entr\u00fcstet! Bernd Remsing http:\/\/fm4.orf.at\/stories\/1704846\/ www.verdichtet.at | Kategorie: \u00e4rgstens | Inventarnummer: 22071<\/p>\n","protected":false},"author":4,"featured_media":0,"comment_status":"open","ping_status":"open","sticky":false,"template":"","format":"standard","meta":{"footnotes":""},"categories":[100],"tags":[57],"class_list":["post-14249","post","type-post","status-publish","format-standard","hentry","category-remsing-bernd","tag-aergstens"],"_links":{"self":[{"href":"http:\/\/www.verdichtet.at\/index.php?rest_route=\/wp\/v2\/posts\/14249","targetHints":{"allow":["GET"]}}],"collection":[{"href":"http:\/\/www.verdichtet.at\/index.php?rest_route=\/wp\/v2\/posts"}],"about":[{"href":"http:\/\/www.verdichtet.at\/index.php?rest_route=\/wp\/v2\/types\/post"}],"author":[{"embeddable":true,"href":"http:\/\/www.verdichtet.at\/index.php?rest_route=\/wp\/v2\/users\/4"}],"replies":[{"embeddable":true,"href":"http:\/\/www.verdichtet.at\/index.php?rest_route=%2Fwp%2Fv2%2Fcomments&post=14249"}],"version-history":[{"count":2,"href":"http:\/\/www.verdichtet.at\/index.php?rest_route=\/wp\/v2\/posts\/14249\/revisions"}],"predecessor-version":[{"id":14285,"href":"http:\/\/www.verdichtet.at\/index.php?rest_route=\/wp\/v2\/posts\/14249\/revisions\/14285"}],"wp:attachment":[{"href":"http:\/\/www.verdichtet.at\/index.php?rest_route=%2Fwp%2Fv2%2Fmedia&parent=14249"}],"wp:term":[{"taxonomy":"category","embeddable":true,"href":"http:\/\/www.verdichtet.at\/index.php?rest_route=%2Fwp%2Fv2%2Fcategories&post=14249"},{"taxonomy":"post_tag","embeddable":true,"href":"http:\/\/www.verdichtet.at\/index.php?rest_route=%2Fwp%2Fv2%2Ftags&post=14249"}],"curies":[{"name":"wp","href":"https:\/\/api.w.org\/{rel}","templated":true}]}}