{"id":13198,"date":"2021-09-21T10:33:35","date_gmt":"2021-09-21T10:33:35","guid":{"rendered":"http:\/\/www.verdichtet.at\/?p=13198"},"modified":"2021-09-25T10:37:01","modified_gmt":"2021-09-25T10:37:01","slug":"archiv-september-2021","status":"publish","type":"post","link":"http:\/\/www.verdichtet.at\/?p=13198","title":{"rendered":"Archiv September 2021"},"content":{"rendered":"<div class=\"pdfprnt-buttons pdfprnt-buttons-post pdfprnt-top-right\"><a href=\"http:\/\/www.verdichtet.at\/index.php?rest_route=wpv2posts13198&print=pdf\" class=\"pdfprnt-button pdfprnt-button-pdf\" target=\"_blank\"><\/a><a href=\"http:\/\/www.verdichtet.at\/index.php?rest_route=wpv2posts13198&print=print\" class=\"pdfprnt-button pdfprnt-button-print\" target=\"_blank\"><\/a><\/div><p>25.9.21: <a href=\"http:\/\/www.verdichtet.at\/?p=13159\">Johannes Tosin: Atlantik<\/a><br \/>\n18.9.21: <a href=\"http:\/\/www.verdichtet.at\/?p=13141\">Robert M\u00fcller: Das Gl\u00fccksschwein<\/a><br \/>\n18.9.21: <a href=\"http:\/\/www.verdichtet.at\/?p=13095\">Johannes Tosin: Deine glatten blonden Haare<\/a><br \/>\n10.9.21: <a href=\"http:\/\/www.verdichtet.at\/?p=13137\">Robert M\u00fcller: \u00dcbers Einhorn<\/a><br \/>\n10.9.21: <a href=\"http:\/\/www.verdichtet.at\/?p=13133\">Ulla Puntschart: Mein kleines serbisches Tagebuch: Teil 5 \u2013 Exit unter dem Seidenbaum<\/a><br \/>\n10.9.21: <a href=\"http:\/\/www.verdichtet.at\/?p=12947\">Johannes Tosin: Der elektronische Wanderer<\/a><br \/>\n4.9.21: <a href=\"http:\/\/www.verdichtet.at\/?p=12889\">Johannes Tosin: Ins Nichts<\/a><\/p>\n","protected":false},"excerpt":{"rendered":"<p>25.9.21: Johannes Tosin: Atlantik 18.9.21: Robert M\u00fcller: Das Gl\u00fccksschwein 18.9.21: Johannes Tosin: Deine glatten blonden Haare 10.9.21: Robert M\u00fcller: \u00dcbers Einhorn 10.9.21: Ulla Puntschart: Mein kleines serbisches Tagebuch: Teil 5 \u2013 Exit unter dem Seidenbaum 10.9.21: Johannes Tosin: Der elektronische Wanderer 4.9.21: Johannes Tosin: Ins Nichts<\/p>\n","protected":false},"author":4,"featured_media":0,"comment_status":"open","ping_status":"open","sticky":false,"template":"","format":"standard","meta":{"footnotes":""},"categories":[45],"tags":[],"class_list":["post-13198","post","type-post","status-publish","format-standard","hentry","category-zzz-redaktionsarchiv"],"_links":{"self":[{"href":"http:\/\/www.verdichtet.at\/index.php?rest_route=\/wp\/v2\/posts\/13198","targetHints":{"allow":["GET"]}}],"collection":[{"href":"http:\/\/www.verdichtet.at\/index.php?rest_route=\/wp\/v2\/posts"}],"about":[{"href":"http:\/\/www.verdichtet.at\/index.php?rest_route=\/wp\/v2\/types\/post"}],"author":[{"embeddable":true,"href":"http:\/\/www.verdichtet.at\/index.php?rest_route=\/wp\/v2\/users\/4"}],"replies":[{"embeddable":true,"href":"http:\/\/www.verdichtet.at\/index.php?rest_route=%2Fwp%2Fv2%2Fcomments&post=13198"}],"version-history":[{"count":1,"href":"http:\/\/www.verdichtet.at\/index.php?rest_route=\/wp\/v2\/posts\/13198\/revisions"}],"predecessor-version":[{"id":13199,"href":"http:\/\/www.verdichtet.at\/index.php?rest_route=\/wp\/v2\/posts\/13198\/revisions\/13199"}],"wp:attachment":[{"href":"http:\/\/www.verdichtet.at\/index.php?rest_route=%2Fwp%2Fv2%2Fmedia&parent=13198"}],"wp:term":[{"taxonomy":"category","embeddable":true,"href":"http:\/\/www.verdichtet.at\/index.php?rest_route=%2Fwp%2Fv2%2Fcategories&post=13198"},{"taxonomy":"post_tag","embeddable":true,"href":"http:\/\/www.verdichtet.at\/index.php?rest_route=%2Fwp%2Fv2%2Ftags&post=13198"}],"curies":[{"name":"wp","href":"https:\/\/api.w.org\/{rel}","templated":true}]}}