{"id":12138,"date":"2021-07-20T14:55:29","date_gmt":"2021-07-20T14:55:29","guid":{"rendered":"http:\/\/www.verdichtet.at\/?p=12138"},"modified":"2022-09-03T16:22:37","modified_gmt":"2022-09-03T16:22:37","slug":"schuettler-2021","status":"publish","type":"post","link":"http:\/\/www.verdichtet.at\/?p=12138","title":{"rendered":"Sch\u00fcttler 2021"},"content":{"rendered":"<div class=\"pdfprnt-buttons pdfprnt-buttons-post pdfprnt-top-right\"><a href=\"http:\/\/www.verdichtet.at\/index.php?rest_route=wpv2posts12138&print=pdf\" class=\"pdfprnt-button pdfprnt-button-pdf\" target=\"_blank\"><\/a><a href=\"http:\/\/www.verdichtet.at\/index.php?rest_route=wpv2posts12138&print=print\" class=\"pdfprnt-button pdfprnt-button-print\" target=\"_blank\"><\/a><\/div><p>Ihre Sch\u00fcttler sind herzlich willkommen: <a href=\"mailto:redaktion@verdichtet.at\" target=\"_blank\">redaktion@verdichtet.at<\/a><\/p>\n<p><strong>Woche 52: Der auf dem Tisch tanzt<br \/>\n<\/strong>In seiner Restfetten<br \/>\nwollte er das Fest retten.<br \/>\n<em>(Christoph Kempter)<\/em><strong><br \/>\n<\/strong><\/p>\n<p><strong>Woche 51: Ersatzhandy<\/strong><br \/>\nDer Kunde sagt, es fehle Ton<br \/>\nund kriegt ein neues Telefon.<br \/>\n<em>(Christoph Kempter)<\/em><\/p>\n<p><strong>Woche 50: Sponsionsfeier<br \/>\n<\/strong>Es ist nicht nur ein sch\u00f6ner Campus,<br \/>\nhier trinken auch die K\u00f6nner Schampus.<br \/>\n<em>(Carmen Rosina)<\/em><\/p>\n<p><strong>Woche 49: Nichts zu bei\u00dfen<\/strong><br \/>\nDie Moral der Truppe sinkt,<br \/>\nweil sie heut nur Suppe trinkt.<br \/>\n<em>(Christoph Kempter)<\/em><\/p>\n<p><strong>Woche 48: Schwurbler auf Servus TV \u2013 oder: eine Red-Bull-Nebenwirkung?<br \/>\n<\/strong>Ich frag mich: Machen diese Dosen krank?<br \/>\nDem Erfinder: gro\u00dfen Dank!<br \/>\n<em>(Clemens Mitterlehner)<\/em><\/p>\n<p><strong>Woche 47: Kickl phantasiert:<\/strong><br \/>\nAch, w\u00e4re doch die Macht nur ein St\u00fcck mein &#8230;<br \/>\nIch k\u00f6nnte das viel besser als dieser M\u00fcckstein.<br \/>\n<em>(Clemens Mitterlehner)<\/em><\/p>\n<p><strong>Woche 46: Pandemieverschleppung<br \/>\n<\/strong>Worauf wartet er denn, der Herr Minister?<br \/>\nSo beenden wir das nie, Mister.<br \/>\n<em>(Clemens Mitterlehner)<\/em><\/p>\n<p><strong>Woche 45: Am Tierbauernhof<\/strong><br \/>\ntrifft steirische Pute<br \/>\nauf bairische Stute.<br \/>\n<em>(Christoph Kempter)<\/em><\/p>\n<p><strong>Woche 44: Kurzschluss<\/strong><br \/>\nDer Kanzler von dem Bund er war.<br \/>\nJetzt ist er weg &#8211; wie wunderbar.<br \/>\n<em>(Clemens Mitterlehner)<\/em><\/p>\n<p><strong>Woche 43: Politikerpflichten oder Vergn\u00fcgen?<br \/>\n<\/strong>Auf den n\u00e4chsten Ball wart i.<br \/>\nDoch jetzt gibt\u2019s erstmal Wahlparty!<br \/>\n<em>(Carmen Rosina)<\/em><strong><br \/>\n<\/strong><\/p>\n<p><strong>Woche 42: Upgrade<\/strong><br \/>\nIch bin jetzt um viel Spam reicher,<br \/>\nmit Kaufaufruf f\u00fcr RAM-Speicher.<br \/>\n<em>(Christoph Kempter)<\/em><\/p>\n<p><strong>Woche 41: Heilsbringer in der \u00d6VP<\/strong><br \/>\nBis vor Kurzem besa\u00df die an,<br \/>\nsein Name war Sebastian.<br \/>\n<em>(Christoph Kempter und Carmen Rosina)<\/em><\/p>\n<p><strong>Woche 40: Verteidigung in der Kritik<br \/>\n<\/strong>\u201eWas ist mit den Manndeckern?\u201c<br \/>\n\u201eErst Schlusspfiff, dann meckern!\u201c<br \/>\n<em>(Carmen Rosina)<\/em><\/p>\n<p><strong>Woche 39: Hundeleben<\/strong><br \/>\nWenn ich mich vorm Billa lause,<br \/>\nkauft mein Herr \u2019ne Lila Pause.<br \/>\n<em>(Christoph Kempter)<\/em><\/p>\n<p><strong>Woche 38: James Bond ohne Chance<\/strong><br \/>\nDenn der Schuft lief<br \/>\nschnurstracks Richtung Luftschiff.<br \/>\n<em>(Carmen Rosina)<\/em><\/p>\n<p><strong>Woche 37: Z\u00fcndler<br \/>\n<\/strong>Feuer hat das Land gepr\u00e4gt.<br \/>\nDa hat wer einen Brand gelegt.<br \/>\n<em>(Christoph Kempter)<\/em><strong><br \/>\n<\/strong><\/p>\n<p><strong>Woche 36: Ein Stamperl blo\u00df<br \/>\n<\/strong>Ist wohl etwas klein, was?<br \/>\nIch wollte doch ein Weinglas!<br \/>\n<em>(Carmen Rosina)<\/em><\/p>\n<p><strong>Woche 35: Christophs Freizeitpl\u00e4ne<\/strong><br \/>\nZum Sport will er,<br \/>\nder Wortspieler.<strong><br \/>\n<\/strong><em>(Christoph Kempter)<\/em><strong><br \/>\n<\/strong><\/p>\n<p><strong>Woche 34: Zu schnell<br \/>\n<\/strong>Das Radar blitzt in der Hafenstra\u00dfe.<br \/>\nAch, wie ich das Strafen hasse!<br \/>\n<em>(Christoph Kempter)<\/em><\/p>\n<p><strong>Woche 33: Immer am Boden bleiben!<\/strong><br \/>\nDiese Sauerei muss eine andere werden,<br \/>\ndrum wird es mich, wenn ich wandere, erden.<br \/>\n<em>(Christoph Kempter)<\/em><\/p>\n<p><strong>Woche 32: Grillgeheimnis<\/strong><br \/>\nWas liegt dort auf dem Bratenrost?<br \/>\nIch will nicht l\u00e4nger raten, Prost!<br \/>\n<em>(Carmen Rosina)<\/em><\/p>\n<p><strong>Woche 31: Zwist am Rost<\/strong><br \/>\nSie will grillen,<br \/>\ndoch ihm fehlt der Grillwillen.<strong><br \/>\n<\/strong><em>(Christoph Kempter)<\/em><strong><br \/>\n<\/strong><\/p>\n<p><strong>Woche 30: K\u00fcnstlerisch begabter Indianer im Saloon<br \/>\n<\/strong>Wenn ich mit den Bleichen zock,<br \/>\nz\u00fcck ich einen Zeichenblock.<br \/>\n<em>(Carmen Rosina)<\/em><\/p>\n<p><strong>Woche 29: Ern\u00e4hrungsapostel<br \/>\n<\/strong>Das w\u00e4r ja noch viel sch\u00f6ner, Dicke,<br \/>\nwenn ich euch \u2019nen D\u00f6ner schicke.<br \/>\n<em>(Christoph Kempter)<\/em><\/p>\n<p><strong>Woche 28: Gesucht, gefunden?<\/strong><br \/>\nDa dr\u00fcben steht am Rand er.<br \/>\nOder ist es doch wer andrer?<br \/>\n<em>(Carmen Rosina)<\/em> <strong><strong><br \/>\n<\/strong><\/strong><\/p>\n<p><strong>Woche 27: K\u00fcstenwache<br \/>\n<\/strong>\u201eAlles klar am Schiff?\u201c,<br \/>\nfragte die Schar am Kliff.<br \/>\n<em>(Christoph Kempter)<\/em><strong><br \/>\n<\/strong><\/p>\n<p><strong>Woche 26: M\u00fcllabfuhr verpasst<br \/>\n<\/strong>Jetzt muss ich in leeren Gassen<br \/>\nmeinen Mist noch g\u00e4ren lassen.<strong><br \/>\n<\/strong><em>(Carmen Rosina)<\/em> <strong><strong><br \/>\n<\/strong><br \/>\nWoche 25: Fu\u00dfballveteranen<br \/>\n<\/strong>Niemand ist beim Treff schener<br \/>\nals der Cheftrainer.<br \/>\n<em>(Christoph Kempter)<\/em><\/p>\n<p><strong>Woche 24: Nie genug \u2026<br \/>\n<\/strong>\u2026 bekam der Wassernarr,<br \/>\nganz egal, wie nass er war.<strong><br \/>\n<\/strong><em>(Carmen Rosina)<\/em> <strong><br \/>\n<\/strong><\/p>\n<p><strong>Woche 23: Werbung wirkt<br \/>\n<\/strong>Aperol sagt: \u201eMach dich locker!\u201c<br \/>\nNescaf\u00e9 meint: \u201eLach dich Mocca!\u201c<br \/>\n<em>(Christoph Kempter)<\/em><\/p>\n<p><strong>Woche 22: Liebeskummer<br \/>\n<\/strong>Wegen eines Schwaben reart se,<br \/>\nin ihrem Herzen Rabenschw\u00e4rze.<br \/>\n<em>(Carmen Rosina)<\/em> <strong><br \/>\n<\/strong><\/p>\n<p><strong>Woche 21:<\/strong> <strong>Tr\u00f6deln beim Fr\u00fchst\u00fcck<\/strong><br \/>\nKai wird alt<br \/>\nund sein Ei wird kalt.<br \/>\n<em>(Christoph Kempter)<\/em><\/p>\n<p><strong>Woche 20: Interview mit Nina Proll<\/strong><br \/>\nEr h\u00f6rt zu, was sie red&#8217;t,<br \/>\nund dr\u00fcckt anschlie\u00dfend Reset.<br \/>\n<em>(Carmen Rosina)<\/em><\/p>\n<p><strong>Woche 19: St\u00e4ndchen<\/strong><br \/>\nTrompeter spiel\u2018n zum Muttertag,<br \/>\nweil Mama diese Tuter mag.<br \/>\n<em>(Carmen Rosina)<\/em><\/p>\n<p><strong>Woche 18: Serienmarathon<\/strong><br \/>\nDer Telefonist im Callcenter<br \/>\nsieht fern\u00a0 \u2013 \u201eBetter Call Saul\u201c kennt er.<br \/>\n<em>(Christoph Kempter)<\/em><\/p>\n<p><strong>Woche 17: Grammatikexpertin<br \/>\n<\/strong>Sie schreibt die Phrase \u201esieht Glatzkopf\u201c<br \/>\neinfach in den Gliedsatzkopf.<br \/>\n<em>(Carmen Rosina)<\/em><strong><br \/>\n<\/strong><\/p>\n<p><strong>Woche 16: Ehegel\u00f6bnis<\/strong><br \/>\nIch kaufe sehr viel Fett und Butter,<br \/>\ndu sorgst f\u00fcr mich mit Bett und Futter.<br \/>\n<em>(Christoph Kempter)<\/em><\/p>\n<p><strong>Woche 15: M\u00fcde Performance<br \/>\n<\/strong>Der Chor sang lahm.<br \/>\nUnd sehr langsam.<br \/>\n<em>(Carmen Rosina)<\/em><\/p>\n<p><strong>Woche 14: Osterhase geht nach Zehrung in Pension<\/strong><br \/>\nIch werd nach dieser Feier erben<br \/>\nund dann nie wieder Eier f\u00e4rben.<br \/>\n<em>(Christoph Kempter)<\/em><\/p>\n<p><strong>Woche 13: Familie, ungeplant<\/strong><br \/>\nWenn ich noch weiter Linda kos,<br \/>\nbleib ich nicht l\u00e4nger kinderlos.<br \/>\n<em>(Carmen Rosina)<\/em><\/p>\n<p><strong>Woche 12: Hinter Gittern<br \/>\n<\/strong>Wenn jemand aus dem Heisl gafft,<br \/>\nist er meist in Geiselhaft.<strong><br \/>\n<\/strong><em>(Christoph Kempter)<\/em><strong><br \/>\n<\/strong><\/p>\n<p><strong>Woche 11: Heiser<br \/>\n<\/strong>Sie gab auf diese Weise Lieder<br \/>\neigentlich zu leise wieder.<br \/>\n<em>(Carmen Rosina)<\/em><\/p>\n<p><strong>Woche 10: Pellets<br \/>\n<\/strong>Verdichten<br \/>\nder Fichten.<strong><br \/>\n<\/strong><em>(Christoph Kempter)<\/em><strong><br \/>\n<\/strong><\/p>\n<p><strong>Woche 9: Vorsicht, Wolle!<\/strong><br \/>\nDas Jackerl zuerst zum Testen waschen:<br \/>\nvorerst nur die Westentaschen.<br \/>\n<em>(Carmen Rosina)<\/em><\/p>\n<p><strong>Woche 8: Steuertricks<br \/>\n<\/strong>Tausend Dollar zahl ich Steuer, du zehn.<br \/>\nDas kommt dich noch teuer zu stehn.<strong><br \/>\n<\/strong><em>(Christoph Kempter)<\/em><strong><br \/>\n<\/strong><\/p>\n<p><strong>Woche 7: Vor dem Einkauf<\/strong><br \/>\nKannst du einmal tasten, Bube?<br \/>\nIst sie leer, die Pasten-Tube?<br \/>\n<em>(Clemens Mitterlehner)<\/em><\/p>\n<p><strong>Woche 6: Kuhjause<br \/>\n<\/strong>Und was fra\u00df Kathi?<br \/>\nGras, Vati!<br \/>\n<em>(Bernhard K.)<strong><br \/>\n<\/strong><\/em><\/p>\n<p><strong>Woche 5: Gesch\u00fctzter Musiker<br \/>\n<\/strong>Hinter lauter Panzerglas<br \/>\nspielt im lichten Glanz er Bass.<strong><br \/>\n<\/strong><em>(Carmen Rosina)<\/em><\/p>\n<p><strong>Woche 4: K\u00f6niglicher Besuch in der K\u00fcche<\/strong><em><strong><br \/>\n<\/strong><\/em>Das Schnitzel einst der Kaiser roch<br \/>\nund sprach: \u201eDazu leck\u2019ren Reis er koch!\u201c<strong><br \/>\n<\/strong><em>(Christoph Kempter)<\/em><strong><br \/>\n<\/strong><\/p>\n<p><strong>Woche 3: Angst? Wovor?<br \/>\n<\/strong>De Verschw\u00f6rer, de Leugner, de Schimpfaden<br \/>\nmachen mir mehr Angst als so ein Impfschaden.<br \/>\n<em>(Clemens Mitterlehner)<\/em><\/p>\n<p><strong>Woche 2: Boris Beckers Gedanken beim Schl\u00e4gerreinigen<\/strong><br \/>\nW\u00e4hrend ich den Rahmen s\u00e4uber,<br \/>\nverfluche ich die Samenr\u00e4uber.<br \/>\n<em>(Christoph Kempter und Carmen Rosina)<\/em><\/p>\n<p><strong>Woche 1: Hinweis f\u00fcr Abergl\u00e4ubige<\/strong><br \/>\nKeine M\u00fcnzen in den Brunnen hauen,<br \/>\nweil Bier damit die Hunnen brauen.<br \/>\n<em>(Clemens Mitterlehner)<\/em><\/p>\n","protected":false},"excerpt":{"rendered":"<p>Ihre Sch\u00fcttler sind herzlich willkommen: redaktion@verdichtet.at Woche 52: Der auf dem Tisch tanzt In seiner Restfetten wollte er das Fest retten. (Christoph Kempter) Woche 51: Ersatzhandy Der Kunde sagt, es fehle Ton und kriegt ein neues Telefon. (Christoph Kempter) Woche 50: Sponsionsfeier Es ist nicht nur ein sch\u00f6ner Campus, hier trinken auch die K\u00f6nner Schampus. [&hellip;]<\/p>\n","protected":false},"author":4,"featured_media":0,"comment_status":"open","ping_status":"open","sticky":false,"template":"","format":"standard","meta":{"footnotes":""},"categories":[45],"tags":[],"class_list":["post-12138","post","type-post","status-publish","format-standard","hentry","category-zzz-redaktionsarchiv"],"_links":{"self":[{"href":"http:\/\/www.verdichtet.at\/index.php?rest_route=\/wp\/v2\/posts\/12138","targetHints":{"allow":["GET"]}}],"collection":[{"href":"http:\/\/www.verdichtet.at\/index.php?rest_route=\/wp\/v2\/posts"}],"about":[{"href":"http:\/\/www.verdichtet.at\/index.php?rest_route=\/wp\/v2\/types\/post"}],"author":[{"embeddable":true,"href":"http:\/\/www.verdichtet.at\/index.php?rest_route=\/wp\/v2\/users\/4"}],"replies":[{"embeddable":true,"href":"http:\/\/www.verdichtet.at\/index.php?rest_route=%2Fwp%2Fv2%2Fcomments&post=12138"}],"version-history":[{"count":65,"href":"http:\/\/www.verdichtet.at\/index.php?rest_route=\/wp\/v2\/posts\/12138\/revisions"}],"predecessor-version":[{"id":14437,"href":"http:\/\/www.verdichtet.at\/index.php?rest_route=\/wp\/v2\/posts\/12138\/revisions\/14437"}],"wp:attachment":[{"href":"http:\/\/www.verdichtet.at\/index.php?rest_route=%2Fwp%2Fv2%2Fmedia&parent=12138"}],"wp:term":[{"taxonomy":"category","embeddable":true,"href":"http:\/\/www.verdichtet.at\/index.php?rest_route=%2Fwp%2Fv2%2Fcategories&post=12138"},{"taxonomy":"post_tag","embeddable":true,"href":"http:\/\/www.verdichtet.at\/index.php?rest_route=%2Fwp%2Fv2%2Ftags&post=12138"}],"curies":[{"name":"wp","href":"https:\/\/api.w.org\/{rel}","templated":true}]}}